 {"id":812,"date":"2026-07-22T22:16:00","date_gmt":"2026-07-22T22:16:00","guid":{"rendered":"https:\/\/institutoinae.com.br\/?p=812"},"modified":"2026-08-15T22:26:49","modified_gmt":"2026-08-15T22:26:49","slug":"familia-umbuzeiro-leva-tres-barcos-do-inae-a-semana-internacional-de-vela-de-ilhabela","status":"publish","type":"post","link":"https:\/\/institutoinae.com.br\/index.php\/2026\/07\/22\/familia-umbuzeiro-leva-tres-barcos-do-inae-a-semana-internacional-de-vela-de-ilhabela\/","title":{"rendered":"Fam\u00edlia Umbuzeiro leva tr\u00eas barcos do Ina\u00ea \u00e0 Semana Internacional de Vela de Ilhabela"},"content":{"rendered":"\n<figure class=\"wp-block-image size-large\"><img fetchpriority=\"high\" decoding=\"async\" width=\"1024\" height=\"582\" src=\"https:\/\/institutoinae.com.br\/wp-content\/uploads\/2026\/08\/Regata-na-Ilha2-1024x582.jpg\" alt=\"\" class=\"wp-image-817\" srcset=\"https:\/\/institutoinae.com.br\/wp-content\/uploads\/2026\/08\/Regata-na-Ilha2-1024x582.jpg 1024w, https:\/\/institutoinae.com.br\/wp-content\/uploads\/2026\/08\/Regata-na-Ilha2-300x171.jpg 300w, https:\/\/institutoinae.com.br\/wp-content\/uploads\/2026\/08\/Regata-na-Ilha2-768x437.jpg 768w, https:\/\/institutoinae.com.br\/wp-content\/uploads\/2026\/08\/Regata-na-Ilha2.jpg 1280w\" sizes=\"(max-width: 1024px) 100vw, 1024px\" \/><figcaption class=\"wp-element-caption\">Cr\u00e9ditos: Fred Hoffmann | FOTOP\n<\/figcaption><\/figure>\n\n\n\n<h3 class=\"wp-block-heading has-text-align-center\">Esquadra santista ter\u00e1 representantes nas classes ORC, RGS-Cruiser e BRA-RGS na principal competi\u00e7\u00e3o da vela oce\u00e2nica da Am\u00e9rica Latina<\/h3>\n\n\n\n<p>A tradi\u00e7\u00e3o da fam\u00edlia Umbuzeiro na vela oce\u00e2nica brasileira estar\u00e1 representada em dose tripla na 53\u00aa Semana Internacional de Vela de Ilhabela.<\/p>\n\n\n\n<p>O projeto Ina\u00ea &#8211; que tem como base o P\u00eder 27 desembarca na principal competi\u00e7\u00e3o da modalidade na Am\u00e9rica Latina com uma verdadeira esquadra familiar, formada por tr\u00eas barcos em diferentes classes.<\/p>\n\n\n\n<p>O mais moderno \u00e9 o Ina\u00ea Soto40, certificado na Classe Mundial ORC Performance, comandado por Bayard Umbuzeiro Neto. Com mais de 20 presen\u00e7as na SIVI, o Ina\u00ea 1 &#8211; um Jeanneau DS Performance&nbsp;&#8211; compete na RGS-Cruiser, sob o comando de Bayard Umbuzeiro Filho. E o Rainha Ina\u00ea, um Ranger 26, na BRA-RGS, tendo Beto Umbuzeiro como skipper.<\/p>\n\n\n\n<p>Representando Santos (SP), uma das cidades com maior tradi\u00e7\u00e3o n\u00e1utica do pa\u00eds, a equipe refor\u00e7a a liga\u00e7\u00e3o hist\u00f3rica da fam\u00edlia com a vela de mais de tr\u00eas d\u00e9cadas e chega \u00e0 competi\u00e7\u00e3o com o objetivo de disputar as primeiras posi\u00e7\u00f5es e valorizar o desenvolvimento do esporte oce\u00e2nico brasileiro.<\/p>\n\n\n\n<p>\u201cTer tr\u00eas barcos representando o Ina\u00ea em classes diferentes na Semana de Vela de Ilhabela \u00e9 motivo de muito orgulho. A vela sempre fez parte da nossa fam\u00edlia e ver diferentes gera\u00e7\u00f5es compartilhando essa paix\u00e3o dentro de uma competi\u00e7\u00e3o desse tamanho mostra a for\u00e7a do projeto. Vamos competir com muita dedica\u00e7\u00e3o, buscando bons resultados e representando Santos em alto n\u00edvel\u201d, afirma Bayard Neto.<\/p>\n\n\n\n<p>A Semana Internacional de Vela de Ilhabela, realizada entre os dias 24 de julho e 1\u00ba de agosto, re\u00fane algumas das principais equipes do Brasil e do exterior. A programa\u00e7\u00e3o come\u00e7a no domingo (26) com a tradicional Regata Alcatrazes por Boreste \u2013 Marinha do Brasil, uma das provas mais emblem\u00e1ticas do evento, marcada pelo percurso de longa dist\u00e2ncia ao redor do arquip\u00e9lago de Alcatrazes.<\/p>\n\n\n\n<p>Antes das disputas oficiais, no s\u00e1bado (25), a competi\u00e7\u00e3o promove a tradicional Regata Vela do Amanh\u00e3, a\u00e7\u00e3o que re\u00fane crian\u00e7as de projetos sociais e aproxima novos p\u00fablicos do universo da vela.<\/p>\n\n\n\n<p>Na classe ORC Performance, o Ina\u00ea Soto competir\u00e1 com um dos barcos mais reconhecidos do cen\u00e1rio internacional. O modelo Soto 40 \u00e9 conhecido pelo alto desempenho, equil\u00edbrio t\u00e9cnico e por proporcionar disputas extremamente competitivas entre as principais equipes da vela oce\u00e2nica.<\/p>\n\n\n\n<p>Na SIVI 2025, o Ina\u00ea Soto40 Tranbrasa&nbsp;terminou com o bronze no Soto40 Super Series.&nbsp;O time comandado por Bayard Neto tamb\u00e9m ficou com o quarto lugar na classe ORC Performance e o sexto na ORC geral.&nbsp;<\/p>\n\n\n\n<p>O barco Ina\u00ea Soto40 Transbrasa&nbsp;conta com o apoio do Porto de Santos, por meio da Lei de Incentivo ao Esporte, e com o patroc\u00ednio da Eldorado por meio do PROMIFAE (Programa Municipal de Incentivo Fiscal de Apoio ao Esporte). As outras na equipes na RGS Cruiser e BRA-RGS t\u00eam patroc\u00ednio da Transbrasa.<\/p>\n\n\n\n<p>A RGS-Cruiser (antiga Bico de Proa) \u00e9 uma classe brasileira que re\u00fane barcos de cruzeiro adaptados para competi\u00e7\u00e3o, equilibrando desempenho e conforto a bordo, permitindo que embarca\u00e7\u00f5es com caracter\u00edsticas distintas possam disputar de forma justa.<\/p>\n\n\n\n<p>J\u00e1 a BRA-RGS&nbsp;\u00e9 uma regra geral simplificada desenvolvida localmente por velejadores brasileiros.<\/p>\n\n\n\n<p><strong>Sobre o Ina\u00ea Soto40 Transbrasa<\/strong><\/p>\n\n\n\n<p>O Ina\u00ea Soto40 Transbrasa conta com o apoio do&nbsp;<strong>Porto de Santos<\/strong>, por meio da Lei de Incentivo ao Esporte. O Porto de Santos \u00e9 o maior complexo portu\u00e1rio da Am\u00e9rica Latina e refer\u00eancia nacional em desenvolvimento, log\u00edstica e conex\u00e3o do Brasil com o mundo. Onde tem patroc\u00ednio, tem Governo do Brasil.<\/p>\n\n\n\n<p><strong>Sobre a Transbrasa<\/strong><\/p>\n\n\n\n<p>A Transbrasa \u2013 Transit\u00e1ria Brasileira S\/A nasceu em 1974, no in\u00edcio atuando como uma transportadora. Mas foi a vis\u00e3o pioneira e inovadora do ent\u00e3o gerente Bayard F. Umbuzeiro Filho, que fez a empresa expandir seus neg\u00f3cios.<\/p>\n\n\n\n<p>Tr\u00eas anos depois, em 1977, fruto de sua dedica\u00e7\u00e3o e trabalho, Bayard Filho assume a diretoria da empresa, sendo um dos principais respons\u00e1veis pelo seu crescimento. Em 1980, torna-se propriet\u00e1rio da Transbrasa.<\/p>\n\n\n\n<p>Ao longo dos anos, com talento, coragem e muito trabalho, Bayard Filho tem imprimido \u00e0 empresa a marca da inova\u00e7\u00e3o e do empreendedorismo. Desafios e conquistas que fazem da Transbrasa l\u00edder em inova\u00e7\u00e3o e refer\u00eancia em log\u00edstica portu\u00e1ria no Brasil. Com solu\u00e7\u00f5es personalizadas em opera\u00e7\u00f5es para os mais diversos segmentos.<\/p>\n\n\n\n<p>Em 2024, a Transbrasa completou 50 anos, como uma empresa s\u00f3lida, familiar e com alta performance empresarial, profundamente comprometida com a responsabilidade socioambiental e contribuindo de forma significativa para o crescimento e desenvolvimento do setor log\u00edstico do Porto de Santos.<\/p>\n\n\n\n<figure class=\"wp-block-image aligncenter size-large is-resized\"><img decoding=\"async\" width=\"1024\" height=\"253\" src=\"https:\/\/institutoinae.com.br\/wp-content\/uploads\/2026\/08\/Defeso-1-1024x253.png\" alt=\"\" class=\"wp-image-814\" style=\"width:897px;height:auto\" srcset=\"https:\/\/institutoinae.com.br\/wp-content\/uploads\/2026\/08\/Defeso-1-1024x253.png 1024w, https:\/\/institutoinae.com.br\/wp-content\/uploads\/2026\/08\/Defeso-1-300x74.png 300w, https:\/\/institutoinae.com.br\/wp-content\/uploads\/2026\/08\/Defeso-1-768x190.png 768w, https:\/\/institutoinae.com.br\/wp-content\/uploads\/2026\/08\/Defeso-1.png 1080w\" sizes=\"(max-width: 1024px) 100vw, 1024px\" \/><\/figure>\n","protected":false},"excerpt":{"rendered":"<p>Esquadra santista ter\u00e1 representantes nas classes ORC, RGS-Cruiser e BRA-RGS na principal competi\u00e7\u00e3o da vela oce\u00e2nica da Am\u00e9rica Latina A tradi\u00e7\u00e3o da fam\u00edlia Umbuzeiro na vela oce\u00e2nica brasileira estar\u00e1 representada em dose tripla na 53\u00aa Semana Internacional de Vela de Ilhabela. O projeto Ina\u00ea &#8211; que tem como base o P\u00eder 27 desembarca na principal [&hellip;]<\/p>\n","protected":false},"author":13,"featured_media":817,"comment_status":"open","ping_status":"open","sticky":false,"template":"","format":"standard","meta":{"_monsterinsights_skip_tracking":false,"_monsterinsights_sitenote_active":false,"_monsterinsights_sitenote_note":"","_monsterinsights_sitenote_category":0,"footnotes":""},"categories":[18,2],"tags":[],"class_list":["post-812","post","type-post","status-publish","format-standard","has-post-thumbnail","hentry","category-esportes","category-news"],"blocksy_meta":[],"aioseo_notices":[],"_links":{"self":[{"href":"https:\/\/institutoinae.com.br\/index.php\/wp-json\/wp\/v2\/posts\/812"}],"collection":[{"href":"https:\/\/institutoinae.com.br\/index.php\/wp-json\/wp\/v2\/posts"}],"about":[{"href":"https:\/\/institutoinae.com.br\/index.php\/wp-json\/wp\/v2\/types\/post"}],"author":[{"embeddable":true,"href":"https:\/\/institutoinae.com.br\/index.php\/wp-json\/wp\/v2\/users\/13"}],"replies":[{"embeddable":true,"href":"https:\/\/institutoinae.com.br\/index.php\/wp-json\/wp\/v2\/comments?post=812"}],"version-history":[{"count":1,"href":"https:\/\/institutoinae.com.br\/index.php\/wp-json\/wp\/v2\/posts\/812\/revisions"}],"predecessor-version":[{"id":818,"href":"https:\/\/institutoinae.com.br\/index.php\/wp-json\/wp\/v2\/posts\/812\/revisions\/818"}],"wp:featuredmedia":[{"embeddable":true,"href":"https:\/\/institutoinae.com.br\/index.php\/wp-json\/wp\/v2\/media\/817"}],"wp:attachment":[{"href":"https:\/\/institutoinae.com.br\/index.php\/wp-json\/wp\/v2\/media?parent=812"}],"wp:term":[{"taxonomy":"category","embeddable":true,"href":"https:\/\/institutoinae.com.br\/index.php\/wp-json\/wp\/v2\/categories?post=812"},{"taxonomy":"post_tag","embeddable":true,"href":"https:\/\/institutoinae.com.br\/index.php\/wp-json\/wp\/v2\/tags?post=812"}],"curies":[{"name":"wp","href":"https:\/\/api.w.org\/{rel}","templated":true}]}}