 {"id":825,"date":"2026-07-31T22:34:00","date_gmt":"2026-07-31T22:34:00","guid":{"rendered":"https:\/\/institutoinae.com.br\/?p=825"},"modified":"2026-08-15T22:36:45","modified_gmt":"2026-08-15T22:36:45","slug":"acidente-interrompe-campanha-do-inae-soto-40-na-busca-pelas-primeiras-colocacoes-da-53a-semana-internacional-de-vela-de-ilhabela","status":"publish","type":"post","link":"https:\/\/institutoinae.com.br\/index.php\/2026\/07\/31\/acidente-interrompe-campanha-do-inae-soto-40-na-busca-pelas-primeiras-colocacoes-da-53a-semana-internacional-de-vela-de-ilhabela\/","title":{"rendered":"Acidente interrompe campanha do Ina\u00ea Soto 40 na busca pelas primeiras coloca\u00e7\u00f5es da 53\u00aa Semana Internacional de Vela de Ilhabela"},"content":{"rendered":"\n<figure class=\"wp-block-image size-large\"><img fetchpriority=\"high\" decoding=\"async\" width=\"1024\" height=\"640\" src=\"https:\/\/institutoinae.com.br\/wp-content\/uploads\/2026\/08\/Momento-do-acidente-1024x640.jpeg\" alt=\"\" class=\"wp-image-826\" srcset=\"https:\/\/institutoinae.com.br\/wp-content\/uploads\/2026\/08\/Momento-do-acidente-1024x640.jpeg 1024w, https:\/\/institutoinae.com.br\/wp-content\/uploads\/2026\/08\/Momento-do-acidente-300x188.jpeg 300w, https:\/\/institutoinae.com.br\/wp-content\/uploads\/2026\/08\/Momento-do-acidente-768x480.jpeg 768w, https:\/\/institutoinae.com.br\/wp-content\/uploads\/2026\/08\/Momento-do-acidente.jpeg 1280w\" sizes=\"(max-width: 1024px) 100vw, 1024px\" \/><figcaption class=\"wp-element-caption\">Cr\u00e9ditos: Gabriela Galli Photography\n<\/figcaption><\/figure>\n\n\n\n<h3 class=\"wp-block-heading has-text-align-center\">Barco ser\u00e1 encaminhado para reparos no Pier 27 visando as pr\u00f3ximas competi\u00e7\u00f5es de vela oce\u00e2nica da temporada.<\/h3>\n\n\n\n<p>A campanha do Ina\u00ea Soto 40 na 53\u00aa Semana Internacional de Vela de Ilhabela Daycoval foi interrompida ap\u00f3s um acidente com a embarca\u00e7\u00e3o durante a competi\u00e7\u00e3o. Comandado por Bayard Neto, o veleiro santista vinha apresentando bom desempenho e brigava pelas primeiras coloca\u00e7\u00f5es nas classes ORC e Super 40, principais categorias do evento, quando precisou abandonar a disputa devido um abarroamento. Nenhum tripulante se feriu.&nbsp;<\/p>\n\n\n\n<p>O barco, que n\u00e3o apresenta condi\u00e7\u00f5es de seguir nas regatas, ser\u00e1 encaminhado para reparos no Pier 27, no Guaruj\u00e1 (SP), com foco na prepara\u00e7\u00e3o para as pr\u00f3ximas competi\u00e7\u00f5es da temporada.&nbsp;O Ina\u00ea Soto40 Transbrasa conta com o apoio do Porto de Santos, por meio da Lei de Incentivo ao Esporte.<\/p>\n\n\n\n<p>Com o encerramento da participa\u00e7\u00e3o do Soto 40 nesta edi\u00e7\u00e3o da SIVI, a embarca\u00e7\u00e3o seguir\u00e1 para o Pier 27, em Santos (SP), onde passar\u00e1 pelos reparos necess\u00e1rios antes de retornar \u00e0s raias nas pr\u00f3ximas competi\u00e7\u00f5es do calend\u00e1rio estadual e nacional.<\/p>\n\n\n\n<p>&#8220;Um acidente com nosso barco impediu a continuidade na 53\u00aa SIVI. Mas ficamos com a certeza de que demos o nosso melhor! O \u00f3timo desempenho nas primeiras regatas \u00e9 o resultado de muito trabalho e do apoio fundamental dos patrocinadores que nos fizeram chegar at\u00e9 aqui: o Porto de Santos, via Lei de Incentivo ao Esporte, e a Eldorado Brasil. S\u00f3 temos a agradecer! E ainda tem muito mais por vir! A fam\u00edlia Ina\u00ea s\u00f3 cresce!&#8221;, afirmou Bayard Neto, comandante do barco.<\/p>\n\n\n\n<p>Apesar da sa\u00edda do Soto 40, o Ina\u00ea Sailing Team segue representado por outras duas embarca\u00e7\u00f5es nas raias do Yacht Club de Ilhabela. Estreante na competi\u00e7\u00e3o, o Rainha Ina\u00ea ocupa a terceira coloca\u00e7\u00e3o na classe BRA-RGS C.<\/p>\n\n\n\n<p>J\u00e1 o Ina\u00ea 1, comandado por Bayard Filho, aparece na quinta posi\u00e7\u00e3o da RGS-Cruiser A. Ao todo, a equipe re\u00fane quase 30 tripulantes de diferentes gera\u00e7\u00f5es da fam\u00edlia Umbuzeiro, consolidando um dos projetos mais tradicionais da vela oce\u00e2nica brasileira.<\/p>\n\n\n\n<p>A participa\u00e7\u00e3o simult\u00e2nea das tr\u00eas embarca\u00e7\u00f5es simboliza a continuidade de um legado constru\u00eddo ao longo de d\u00e9cadas. Nas raias, pais, filhos e familiares dividem fun\u00e7\u00f5es a bordo, unem experi\u00eancia e renova\u00e7\u00e3o e mant\u00eam viva a tradi\u00e7\u00e3o da fam\u00edlia Umbuzeiro no esporte, transformando a Semana Internacional de Vela de Ilhabela em mais um cap\u00edtulo dessa hist\u00f3ria.<\/p>\n\n\n\n<p>O&nbsp;Rainha Ina\u00ea e o Ina\u00ea 1 ficam at\u00e9 o encerramento da 53\u00aa Semana Internacional de Vela de Ilhabela, neste s\u00e1bado (1\u00ba).<\/p>\n\n\n\n<p><strong>Sobre o Instituto Ina\u00ea<\/strong><\/p>\n\n\n\n<p>O Instituto Ina\u00ea nasceu da tradi\u00e7\u00e3o da fam\u00edlia Umbuzeiro no mar. Com atua\u00e7\u00e3o voltada \u00e0 educa\u00e7\u00e3o, sustentabilidade, inclus\u00e3o e forma\u00e7\u00e3o esportiva, a entidade utiliza a vela oce\u00e2nica como ferramenta de transforma\u00e7\u00e3o social, promovendo a\u00e7\u00f5es alinhadas aos Objetivos de Desenvolvimento Sustent\u00e1vel da Agenda 2030 da ONU.<\/p>\n\n\n\n<p><strong>Sobre o Projeto Ina\u00ea<\/strong><\/p>\n\n\n\n<p>O Projeto Ina\u00ea re\u00fane quatro embarca\u00e7\u00f5es que competem nas principais classes da vela oce\u00e2nica brasileira: INAE Soto\/TRANSBRASA, um Soto 40, o Ina\u00ea 1 (Jeanneau 50DS), o Rainha INAE, um Ranger 26 projetado por German Frers, e o INAE Jr., um HPE25. Com ra\u00edzes em Santos (SP), a equipe \u00e9 formada pela fam\u00edlia Umbuzeiro e representa uma tradi\u00e7\u00e3o constru\u00edda ao longo de d\u00e9cadas de liga\u00e7\u00e3o com o mar.<\/p>\n\n\n\n<p><strong>Ina\u00ea e o Porto de Santos<\/strong><\/p>\n\n\n\n<p>O Ina\u00ea Soto40 Transbrasa conta com o apoio do Porto de Santos, por meio da Lei de Incentivo ao Esporte. O Porto de Santos \u00e9 o maior complexo portu\u00e1rio da Am\u00e9rica Latina e refer\u00eancia nacional em desenvolvimento, log\u00edstica e conex\u00e3o do Brasil com o mundo. Onde tem patroc\u00ednio, tem Governo do Brasil.<\/p>\n\n\n\n<p><strong>SOBRE A ELDORADO BRASIL<\/strong><\/p>\n\n\n\n<p>A Eldorado Brasil Celulose, empresa do Grupo J&amp;F, \u00e9 reconhecida globalmente por sua&nbsp;excel\u00eancia operacional e seu compromisso com a sustentabilidade, resultado do trabalho&nbsp;de uma equipe qualificada de mais de 5 mil colaboradores. Inovadora no manejo florestal&nbsp;e na fabrica\u00e7\u00e3o de celulose, produz 1,8 milh\u00e3o de toneladas de celulose de alta qualidade&nbsp;por ano, atendendo aos mais exigentes padr\u00f5es e certifica\u00e7\u00f5es do mercado internacional.&nbsp;Seu complexo industrial em Tr\u00eas Lagoas (MS) tamb\u00e9m tem capacidade para gerar energia&nbsp;renov\u00e1vel para abastecer uma cidade de 2,1 milh\u00f5es de habitantes. Em Santos (SP), opera&nbsp;o EBLog, um dos mais modernos terminais portu\u00e1rios da Am\u00e9rica Latina, exportando o&nbsp;produto para mais de 40 pa\u00edses. A Companhia mant\u00e9m um forte compromisso com a&nbsp;sustentabilidade, inova\u00e7\u00e3o, competitividade e valoriza\u00e7\u00e3o das pessoas.<\/p>\n\n\n\n<figure class=\"wp-block-image aligncenter size-large is-resized\"><img decoding=\"async\" width=\"1024\" height=\"253\" src=\"https:\/\/institutoinae.com.br\/wp-content\/uploads\/2026\/08\/Defeso-1-1024x253.png\" alt=\"\" class=\"wp-image-814\" style=\"width:939px;height:auto\" srcset=\"https:\/\/institutoinae.com.br\/wp-content\/uploads\/2026\/08\/Defeso-1-1024x253.png 1024w, https:\/\/institutoinae.com.br\/wp-content\/uploads\/2026\/08\/Defeso-1-300x74.png 300w, https:\/\/institutoinae.com.br\/wp-content\/uploads\/2026\/08\/Defeso-1-768x190.png 768w, https:\/\/institutoinae.com.br\/wp-content\/uploads\/2026\/08\/Defeso-1.png 1080w\" sizes=\"(max-width: 1024px) 100vw, 1024px\" \/><\/figure>\n","protected":false},"excerpt":{"rendered":"<p>Barco ser\u00e1 encaminhado para reparos no Pier 27 visando as pr\u00f3ximas competi\u00e7\u00f5es de vela oce\u00e2nica da temporada. A campanha do Ina\u00ea Soto 40 na 53\u00aa Semana Internacional de Vela de Ilhabela Daycoval foi interrompida ap\u00f3s um acidente com a embarca\u00e7\u00e3o durante a competi\u00e7\u00e3o. Comandado por Bayard Neto, o veleiro santista vinha apresentando bom desempenho e [&hellip;]<\/p>\n","protected":false},"author":13,"featured_media":826,"comment_status":"open","ping_status":"open","sticky":false,"template":"","format":"standard","meta":{"_monsterinsights_skip_tracking":false,"_monsterinsights_sitenote_active":false,"_monsterinsights_sitenote_note":"","_monsterinsights_sitenote_category":0,"footnotes":""},"categories":[18,2],"tags":[],"class_list":["post-825","post","type-post","status-publish","format-standard","has-post-thumbnail","hentry","category-esportes","category-news"],"blocksy_meta":[],"aioseo_notices":[],"_links":{"self":[{"href":"https:\/\/institutoinae.com.br\/index.php\/wp-json\/wp\/v2\/posts\/825"}],"collection":[{"href":"https:\/\/institutoinae.com.br\/index.php\/wp-json\/wp\/v2\/posts"}],"about":[{"href":"https:\/\/institutoinae.com.br\/index.php\/wp-json\/wp\/v2\/types\/post"}],"author":[{"embeddable":true,"href":"https:\/\/institutoinae.com.br\/index.php\/wp-json\/wp\/v2\/users\/13"}],"replies":[{"embeddable":true,"href":"https:\/\/institutoinae.com.br\/index.php\/wp-json\/wp\/v2\/comments?post=825"}],"version-history":[{"count":1,"href":"https:\/\/institutoinae.com.br\/index.php\/wp-json\/wp\/v2\/posts\/825\/revisions"}],"predecessor-version":[{"id":827,"href":"https:\/\/institutoinae.com.br\/index.php\/wp-json\/wp\/v2\/posts\/825\/revisions\/827"}],"wp:featuredmedia":[{"embeddable":true,"href":"https:\/\/institutoinae.com.br\/index.php\/wp-json\/wp\/v2\/media\/826"}],"wp:attachment":[{"href":"https:\/\/institutoinae.com.br\/index.php\/wp-json\/wp\/v2\/media?parent=825"}],"wp:term":[{"taxonomy":"category","embeddable":true,"href":"https:\/\/institutoinae.com.br\/index.php\/wp-json\/wp\/v2\/categories?post=825"},{"taxonomy":"post_tag","embeddable":true,"href":"https:\/\/institutoinae.com.br\/index.php\/wp-json\/wp\/v2\/tags?post=825"}],"curies":[{"name":"wp","href":"https:\/\/api.w.org\/{rel}","templated":true}]}}