 {"id":832,"date":"2026-06-23T22:45:00","date_gmt":"2026-06-23T22:45:00","guid":{"rendered":"https:\/\/institutoinae.com.br\/?p=832"},"modified":"2026-08-15T22:47:59","modified_gmt":"2026-08-15T22:47:59","slug":"instituto-inae-fortalece-atuacao-social-e-ambiental-em-2026-afinado-com-os-objetivos-de-desenvolvimento-sustentavel-da-onu","status":"publish","type":"post","link":"https:\/\/institutoinae.com.br\/index.php\/2026\/06\/23\/instituto-inae-fortalece-atuacao-social-e-ambiental-em-2026-afinado-com-os-objetivos-de-desenvolvimento-sustentavel-da-onu\/","title":{"rendered":"Instituto Ina\u00ea fortalece atua\u00e7\u00e3o social e ambiental em 2026, afinado com os Objetivos de Desenvolvimento Sustent\u00e1vel da ONU"},"content":{"rendered":"\n<figure class=\"wp-block-image size-large\"><img fetchpriority=\"high\" decoding=\"async\" width=\"1024\" height=\"582\" src=\"https:\/\/institutoinae.com.br\/wp-content\/uploads\/2026\/08\/Inae-Jr-na-HPE25-1024x582.jpg\" alt=\"\" class=\"wp-image-833\" srcset=\"https:\/\/institutoinae.com.br\/wp-content\/uploads\/2026\/08\/Inae-Jr-na-HPE25-1024x582.jpg 1024w, https:\/\/institutoinae.com.br\/wp-content\/uploads\/2026\/08\/Inae-Jr-na-HPE25-300x171.jpg 300w, https:\/\/institutoinae.com.br\/wp-content\/uploads\/2026\/08\/Inae-Jr-na-HPE25-768x437.jpg 768w, https:\/\/institutoinae.com.br\/wp-content\/uploads\/2026\/08\/Inae-Jr-na-HPE25.jpg 1280w\" sizes=\"(max-width: 1024px) 100vw, 1024px\" \/><figcaption class=\"wp-element-caption\">Cr\u00e9ditos: Aline Bassi | Balaio de Ideias<br><\/figcaption><\/figure>\n\n\n\n<h3 class=\"wp-block-heading has-text-align-center\">Entidade promover\u00e1 ciclo de palestras em escolas p\u00fablicas ao longo do ano, al\u00e9m de organizar regatas com maior participa\u00e7\u00e3o feminina<\/h3>\n\n\n\n<p>Por tr\u00e1s da expans\u00e3o da equipe Ina\u00ea na temporada 2026, com campanhas em quatro diferentes classes da vela oce\u00e2nica, existe um projeto que vai muito al\u00e9m das regatas. \u00c9 o Instituto Ina\u00ea, iniciativa criada para perpetuar a paix\u00e3o da fam\u00edlia Umbuzeiro pelo mar e contribuir para a forma\u00e7\u00e3o de novas gera\u00e7\u00f5es de velejadores. A entidade est\u00e1 afinada com os Objetivos de Desenvolvimento Sustent\u00e1vel (ODS) da Agenda 2030 da ONU.<\/p>\n\n\n\n<p>Nesta temporada, o projeto Ina\u00ea alcan\u00e7ou um novo patamar esportivo. O Ina\u00ea Soto40 Transbrasa, na classe ORC Performance, recebeu o patroc\u00ednio do Porto de Santos via Lei de Incentivo ao Esporte e chegou ainda mais competitivo. Al\u00e9m dele,&nbsp;a equipe passou a contar tamb\u00e9m com campanhas na Bra-RGS, RGS-Cruiser e HPE25, ampliando sua presen\u00e7a nas principais categorias da vela oce\u00e2nica brasileira.<\/p>\n\n\n\n<p>A evolu\u00e7\u00e3o esportiva caminha lado a lado com o fortalecimento institucional do Instituto Ina\u00ea. Entre as novidades de 2026 est\u00e1 a realiza\u00e7\u00e3o de um ciclo de palestras em escolas p\u00fablicas da Baixada Santista, levando aos estudantes conte\u00fados sobre a hist\u00f3ria do Porto de Santos, a evolu\u00e7\u00e3o da navega\u00e7\u00e3o e a import\u00e2ncia do esporte \u00e0 vela para a cultura mar\u00edtima brasileira.<\/p>\n\n\n\n<p>A iniciativa est\u00e1 alinhada ao ODS 4, que trata da educa\u00e7\u00e3o de qualidade. O objetivo \u00e9 aproximar crian\u00e7as e adolescentes do universo n\u00e1utico, estimulando o conhecimento, a cultura mar\u00edtima e a preserva\u00e7\u00e3o dos oceanos.<\/p>\n\n\n\n<p>&#8220;O mar sempre foi uma ferramenta de aprendizado para a nossa fam\u00edlia. Queremos compartilhar esse conhecimento com as novas gera\u00e7\u00f5es e mostrar que a vela pode ser um instrumento de educa\u00e7\u00e3o, desenvolvimento humano e transforma\u00e7\u00e3o social&#8221;, destaca Bayard Umbuzeiro Neto, comandante do Ina\u00ea Soto40 Transbrasa e um dos idealizadores do Instituto Ina\u00ea.<\/p>\n\n\n\n<p>A promo\u00e7\u00e3o da igualdade de g\u00eanero tamb\u00e9m ocupa posi\u00e7\u00e3o central nas a\u00e7\u00f5es do Instituto. Em 2026, a entidade j\u00e1 apoiou a organiza\u00e7\u00e3o da 4\u00aa Regata Elas no Mar, competi\u00e7\u00e3o exclusiva para mulheres, que reuniu velejadoras experientes e alunas de projetos sociais ligados ao esporte. A iniciativa est\u00e1 conectada ao ODS 5 e busca ampliar cada vez mais a presen\u00e7a feminina na vela oce\u00e2nica, tanto dentro das embarca\u00e7\u00f5es quanto na organiza\u00e7\u00e3o dos eventos esportivos.<\/p>\n\n\n\n<p>Outra frente de atua\u00e7\u00e3o est\u00e1 relacionada ao ODS 12, de consumo e produ\u00e7\u00e3o respons\u00e1veis. O Instituto Ina\u00ea incentiva a economia circular por meio da divulga\u00e7\u00e3o e apoio a projetos que transformam velas n\u00e1uticas sem uso em pe\u00e7as de vestu\u00e1rio e acess\u00f3rios, prolongando a vida \u00fatil dos materiais e reduzindo o descarte.<\/p>\n\n\n\n<p>A preserva\u00e7\u00e3o dos oceanos, tema diretamente ligado ao ODS 14, tamb\u00e9m integra a rotina da equipe. Ao longo da temporada, o Instituto promove a\u00e7\u00f5es de conscientiza\u00e7\u00e3o voltadas a velejadores, visitantes e comunidades ligadas ao mar, refor\u00e7ando boas pr\u00e1ticas para a prote\u00e7\u00e3o da vida marinha e dos ecossistemas costeiros.<\/p>\n\n\n\n<h4 class=\"wp-block-heading\">&nbsp;<\/h4>\n\n\n\n<h4 class=\"wp-block-heading\">Presen\u00e7a confirmada na Semana Internacional de Vela de Ilhabela<\/h4>\n\n\n\n<p>As a\u00e7\u00f5es do Instituto Ina\u00ea tamb\u00e9m estar\u00e3o presentes durante a 53\u00aa Semana Internacional de Vela de Ilhabela Daycoval, principal competi\u00e7\u00e3o de vela oce\u00e2nica da Am\u00e9rica Latina, que ser\u00e1 realizada entre os dias 24 de julho e 1\u00ba de agosto. O Ina\u00ea Soto40 Transbrasa disputar\u00e1 a classe ORC Performance, uma das mais competitivas da competi\u00e7\u00e3o,. J\u00e1 o Ina\u00ea 1, conhecido como Ina\u00ea 50t\u00e3o, representar\u00e1 a fam\u00edlia Umbuzeiro na classe RGS-Cruiser, enquanto o Rainha Ina\u00ea ter\u00e1 participa\u00e7\u00e3o na BRA-RGS, a mais numerosa dentre as classes convidadas.<\/p>\n\n\n\n<p>Os barcos dever\u00e3o participar novamente da tradicional Regata Vela do Amanh\u00e3, iniciativa que leva crian\u00e7as de projetos sociais de vela para competir ao lado de equipes experientes durante a Semana de Vela. A a\u00e7\u00e3o \u00e9 considerada uma das principais iniciativas de forma\u00e7\u00e3o esportiva do evento e refor\u00e7a o compromisso do Instituto Ina\u00ea com a educa\u00e7\u00e3o, a inclus\u00e3o e a renova\u00e7\u00e3o da vela oce\u00e2nica brasileira.<\/p>\n\n\n\n<p><strong>Sobre o Instituto Ina\u00ea<\/strong><\/p>\n\n\n\n<p>O Instituto Ina\u00ea nasceu da tradi\u00e7\u00e3o da fam\u00edlia Umbuzeiro no mar. Com atua\u00e7\u00e3o voltada \u00e0 educa\u00e7\u00e3o, sustentabilidade, inclus\u00e3o e forma\u00e7\u00e3o esportiva, a entidade utiliza a vela oce\u00e2nica como ferramenta de transforma\u00e7\u00e3o social, promovendo a\u00e7\u00f5es alinhadas aos Objetivos de Desenvolvimento Sustent\u00e1vel da Agenda 2030 da ONU.<\/p>\n\n\n\n<p><strong>Sobre o Projeto Ina\u00ea<\/strong><\/p>\n\n\n\n<p>O Projeto Ina\u00ea re\u00fane quatro embarca\u00e7\u00f5es que competem nas principais classes da vela oce\u00e2nica brasileira: INAE Soto\/TRANSBRASA , um Soto 40, o Ina\u00ea 1 (Jeanneau 50DS), O Rainha INAE , um Ranger 26 do famoso projetista German Frers e o INAE Jr. um HPE25. Com ra\u00edzes em Santos (SP), a equipe \u00e9 formada pela fam\u00edlia Umbuzeiro e representa uma tradi\u00e7\u00e3o constru\u00edda ao longo de d\u00e9cadas de liga\u00e7\u00e3o com o mar.<\/p>\n\n\n\n<figure class=\"wp-block-image aligncenter size-large\"><img decoding=\"async\" width=\"1024\" height=\"253\" src=\"https:\/\/institutoinae.com.br\/wp-content\/uploads\/2026\/08\/Defeso-1-1024x253.png\" alt=\"\" class=\"wp-image-814\" srcset=\"https:\/\/institutoinae.com.br\/wp-content\/uploads\/2026\/08\/Defeso-1-1024x253.png 1024w, https:\/\/institutoinae.com.br\/wp-content\/uploads\/2026\/08\/Defeso-1-300x74.png 300w, https:\/\/institutoinae.com.br\/wp-content\/uploads\/2026\/08\/Defeso-1-768x190.png 768w, https:\/\/institutoinae.com.br\/wp-content\/uploads\/2026\/08\/Defeso-1.png 1080w\" sizes=\"(max-width: 1024px) 100vw, 1024px\" \/><\/figure>\n","protected":false},"excerpt":{"rendered":"<p>Entidade promover\u00e1 ciclo de palestras em escolas p\u00fablicas ao longo do ano, al\u00e9m de organizar regatas com maior participa\u00e7\u00e3o feminina Por tr\u00e1s da expans\u00e3o da equipe Ina\u00ea na temporada 2026, com campanhas em quatro diferentes classes da vela oce\u00e2nica, existe um projeto que vai muito al\u00e9m das regatas. \u00c9 o Instituto Ina\u00ea, iniciativa criada para [&hellip;]<\/p>\n","protected":false},"author":13,"featured_media":833,"comment_status":"open","ping_status":"open","sticky":false,"template":"","format":"standard","meta":{"_monsterinsights_skip_tracking":false,"_monsterinsights_sitenote_active":false,"_monsterinsights_sitenote_note":"","_monsterinsights_sitenote_category":0,"footnotes":""},"categories":[18,2],"tags":[],"class_list":["post-832","post","type-post","status-publish","format-standard","has-post-thumbnail","hentry","category-esportes","category-news"],"blocksy_meta":[],"aioseo_notices":[],"_links":{"self":[{"href":"https:\/\/institutoinae.com.br\/index.php\/wp-json\/wp\/v2\/posts\/832"}],"collection":[{"href":"https:\/\/institutoinae.com.br\/index.php\/wp-json\/wp\/v2\/posts"}],"about":[{"href":"https:\/\/institutoinae.com.br\/index.php\/wp-json\/wp\/v2\/types\/post"}],"author":[{"embeddable":true,"href":"https:\/\/institutoinae.com.br\/index.php\/wp-json\/wp\/v2\/users\/13"}],"replies":[{"embeddable":true,"href":"https:\/\/institutoinae.com.br\/index.php\/wp-json\/wp\/v2\/comments?post=832"}],"version-history":[{"count":1,"href":"https:\/\/institutoinae.com.br\/index.php\/wp-json\/wp\/v2\/posts\/832\/revisions"}],"predecessor-version":[{"id":834,"href":"https:\/\/institutoinae.com.br\/index.php\/wp-json\/wp\/v2\/posts\/832\/revisions\/834"}],"wp:featuredmedia":[{"embeddable":true,"href":"https:\/\/institutoinae.com.br\/index.php\/wp-json\/wp\/v2\/media\/833"}],"wp:attachment":[{"href":"https:\/\/institutoinae.com.br\/index.php\/wp-json\/wp\/v2\/media?parent=832"}],"wp:term":[{"taxonomy":"category","embeddable":true,"href":"https:\/\/institutoinae.com.br\/index.php\/wp-json\/wp\/v2\/categories?post=832"},{"taxonomy":"post_tag","embeddable":true,"href":"https:\/\/institutoinae.com.br\/index.php\/wp-json\/wp\/v2\/tags?post=832"}],"curies":[{"name":"wp","href":"https:\/\/api.w.org\/{rel}","templated":true}]}}